{"id":265466,"date":"2025-06-30T10:36:59","date_gmt":"2025-06-30T08:36:59","guid":{"rendered":"https:\/\/cadtech.es\/sem-categoria\/volkswagen-desarrolla-el-id-1-con-catia-3dexperience-en-la-nube\/"},"modified":"2026-03-23T10:42:45","modified_gmt":"2026-03-23T09:42:45","slug":"volkswagen-desarrolla-el-id-1-con-catia-3dexperience-en-la-nube","status":"publish","type":"post","link":"https:\/\/cadtech.es\/pt-pt\/3dexperience-pt-pt\/volkswagen-desarrolla-el-id-1-con-catia-3dexperience-en-la-nube\/","title":{"rendered":"A Volkswagen desenvolve o ID.1 com CATIA 3DEXPERIENCE na nuvem"},"content":{"rendered":"<p>[et_pb_section fb_built=&#8221;1&#8243; _builder_version=&#8221;4.16&#8243; custom_margin=&#8221;-3px|||||&#8221; custom_padding=&#8221;30px|||||&#8221; global_colors_info=&#8221;{}&#8221;][et_pb_row _builder_version=&#8221;4.16&#8243; background_size=&#8221;initial&#8221; background_position=&#8221;top_left&#8221; background_repeat=&#8221;repeat&#8221; min_height=&#8221;851.1px&#8221; custom_padding=&#8221;3px|||||&#8221; global_colors_info=&#8221;{}&#8221;][et_pb_column type=&#8221;4_4&#8243; _builder_version=&#8221;4.16&#8243; custom_padding=&#8221;|||&#8221; global_colors_info=&#8221;{}&#8221; custom_padding__hover=&#8221;|||&#8221;][et_pb_image src=&#8221;https:\/\/cadtech.es\/wp-content\/uploads\/2025\/06\/Entrevista-Thomas-Kamla-CTO-VOLKSWAGEN-CATIA-3DEXPERIENCE-SUMMIT-16.jpg&#8221; title_text=&#8221;Entrevista Thomas Kamla CTO VOLKSWAGEN CATIA 3DEXPERIENCE SUMMIT (16)&#8221; _builder_version=&#8221;4.27.4&#8243; _module_preset=&#8221;default&#8221; global_colors_info=&#8221;{}&#8221;][\/et_pb_image][et_pb_text _builder_version=&#8221;4.27.4&#8243; background_size=&#8221;initial&#8221; background_position=&#8221;top_left&#8221; background_repeat=&#8221;repeat&#8221; min_height=&#8221;117.1px&#8221; custom_padding=&#8221;||3px|||&#8221; global_colors_info=&#8221;{}&#8221;]<\/p>\n<div id=\"model-response-message-contentr_eab98c28b5fb5948\" class=\"markdown markdown-main-panel enable-updated-hr-color\" dir=\"ltr\">\n<p style=\"text-align: justify;\">Em fevereiro de 2025, o <a href=\"https:\/\/www.volkswagen-group.com\/en\">Volkswagen Group<\/a> e a Dassault Syst\u00e8mes assinaram um acordo hist\u00f3rico: a plataforma 3DEXPERIENCE na nuvem ser\u00e1 utilizada como ambiente colaborativo para o desenvolvimento de todos os ve\u00edculos do grupo. Um passo decisivo que marca o in\u00edcio de uma nova era para um dos maiores fabricantes de autom\u00f3veis do mundo.<\/p>\n<\/div>\n<div id=\"model-response-message-contentr_d43b9fe953758461\" class=\"markdown markdown-main-panel enable-updated-hr-color\" dir=\"ltr\">\n<p><a href=\"https:\/\/cadtech.es\/pt-pt\/?p=265485\">Consulte todos os detalhes do acordo aqui<\/a><\/p>\n<\/div>\n<div id=\"model-response-message-contentr_70990b3532cd354e\" class=\"markdown markdown-main-panel enable-updated-hr-color\" dir=\"ltr\">\n<p style=\"text-align: justify;\">Agora, apenas alguns meses depois, este acordo j\u00e1 tem um primeiro projeto tang\u00edvel: o <strong>Volkswagen ID.1 ser\u00e1 o primeiro ve\u00edculo desenvolvido integralmente com CATIA na plataforma 3DEXPERIENCE.<\/strong> Um carro urbano, el\u00e9trico, funcional e acess\u00edvel, com um pre\u00e7o objetivo abaixo dos 20.000 \u20ac, <strong>desenhado e fabricado na Europa para a Europa.<\/strong> A sua produ\u00e7\u00e3o est\u00e1 prevista para 2027 na f\u00e1brica de Palmela (Portugal).<\/p>\n<\/div>\n<div style=\"margin-top: 10px; border-bottom: 3px solid #012d9a;\"><\/div>\n<p style=\"text-align: justify;\" data-start=\"235\" data-end=\"527\">[\/et_pb_text][et_pb_text _builder_version=&#8221;4.27.4&#8243; background_size=&#8221;initial&#8221; background_position=&#8221;top_left&#8221; background_repeat=&#8221;repeat&#8221; min_height=&#8221;277.1px&#8221; custom_padding=&#8221;||3px|||&#8221; global_colors_info=&#8221;{}&#8221;]<\/p>\n<div id=\"model-response-message-contentr_a10eee83a72e3064\" class=\"markdown markdown-main-panel enable-updated-hr-color\" dir=\"ltr\">\n<h2>O que \u00e9 que isto representa para a ind\u00fastria?<\/h2>\n<\/div>\n<div id=\"model-response-message-contentr_243f398415c73b76\" class=\"markdown markdown-main-panel enable-updated-hr-color\" dir=\"ltr\">\n<p style=\"text-align: justify;\">Durante o CATIA Summit 2025 celebrado em Munique, Thomas Kamla \u2014SVP e CTO do Volkswagen Group\u2014 explicou os <b>motivos e objetivos estrat\u00e9gicos<\/b> desta transforma\u00e7\u00e3o. Numa entrevista ao vivo com a Dassault Syst\u00e8mes, Kamla abordou quest\u00f5es chave como:<\/p>\n<\/div>\n<ul>\n<li style=\"text-align: justify;\" data-start=\"1349\" data-end=\"1485\">A complexidade gerada pelo uso de <span style=\"color: #333399;\"><strong>mais de 450 ferramentas distintas<\/strong><\/span> em I&amp;D, e a <span style=\"color: #333399;\"><b>necessidade urgente de um ambiente \u00fanico e conectado<\/b>.<\/span><\/li>\n<li style=\"text-align: justify;\" data-start=\"1349\" data-end=\"1485\">O <span style=\"color: #333399;\"><b>desafio da hiperpersonaliza\u00e7\u00e3o<\/b><\/span>, que exige maior <span style=\"color: #333399;\"><b>agilidade<\/b><\/span> na configura\u00e7\u00e3o de produtos e fluxos de trabalho mais integrados.<\/li>\n<li style=\"text-align: justify;\" data-start=\"1349\" data-end=\"1485\">O enfoque <span style=\"color: #333399;\"><b>SDV<\/b><\/span> (Software Defined Vehicle) como <span style=\"color: #333399;\"><b>motor de inova\u00e7\u00e3o e diferencia\u00e7\u00e3o<\/b><\/span>.<\/li>\n<li style=\"text-align: justify;\" data-start=\"1349\" data-end=\"1485\">O uso de <span style=\"color: #333399;\"><b>g\u00e9meos virtuais<\/b> e <b>intelig\u00eancia artificial<\/b><\/span> para acelerar o desenvolvimento, melhorar a qualidade e reduzir custos.<\/li>\n<li style=\"text-align: justify;\" data-start=\"1349\" data-end=\"1485\">A necessidade de <span style=\"color: #333399;\"><b>homologar mais r\u00e1pido<\/b> <strong>sem perder rigor normativo<\/strong><\/span>, otimizando processos com simula\u00e7\u00e3o e plataformas digitais.<\/li>\n<\/ul>\n<p style=\"text-align: justify;\" data-start=\"235\" data-end=\"527\">[\/et_pb_text][et_pb_gallery gallery_ids=&#8221;263937,263931,263943,263940,263925,263964,263961,263967,263958,263955,263952,263949,263934&#8243; fullwidth=&#8221;on&#8221; _builder_version=&#8221;4.27.4&#8243; _module_preset=&#8221;default&#8221; global_colors_info=&#8221;{}&#8221;][\/et_pb_gallery][et_pb_text _builder_version=&#8221;4.27.4&#8243; _module_preset=&#8221;default&#8221; text_font_size=&#8221;14px&#8221; global_colors_info=&#8221;{}&#8221;]<\/p>\n<div id=\"model-response-message-contentr_979e7f18fbae6b3f\" dir=\"ltr\">\n<p style=\"text-align: justify;\"><em>Thomas Kamla (CTO do Volkswagen Group) e Philippe Laufer (Executive VP da Dassault Syst\u00e8mes), durante a sua interven\u00e7\u00e3o no CATIA Summit celebrado em Munique em junho de 2025.<\/em><\/p>\n<\/div>\n<p style=\"text-align: justify;\" data-start=\"235\" data-end=\"527\">[\/et_pb_text][et_pb_text _builder_version=&#8221;4.27.4&#8243; background_size=&#8221;initial&#8221; background_position=&#8221;top_left&#8221; background_repeat=&#8221;repeat&#8221; min_height=&#8221;99.1px&#8221; custom_padding=&#8221;||3px|||&#8221; global_colors_info=&#8221;{}&#8221;]<\/p>\n<blockquote>\n<div id=\"model-response-message-contentr_2a39770e4364d6e2\" class=\"markdown markdown-main-panel enable-updated-hr-color\" dir=\"ltr\">\n<p style=\"text-align: justify;\"><em>Este n\u00e3o \u00e9 mais um projeto. \u00c9 O PROJETO\u201d, salienta Kamla. O ID.1 ser\u00e1 o primeiro ve\u00edculo do Grupo Volkswagen desenvolvido 100 % na 3DEXPERIENCE e marcar\u00e1 o caminho para os futuros modelos.<\/em><\/p>\n<\/div>\n<\/blockquote>\n<p style=\"text-align: justify;\" data-start=\"235\" data-end=\"527\">[\/et_pb_text][et_pb_text _builder_version=&#8221;4.27.4&#8243; background_size=&#8221;initial&#8221; background_position=&#8221;top_left&#8221; background_repeat=&#8221;repeat&#8221; min_height=&#8221;55.1px&#8221; custom_padding=&#8221;||3px|||&#8221; global_colors_info=&#8221;{}&#8221;]<\/p>\n<div id=\"model-response-message-contentr_f2f545340ec07a8b\" class=\"markdown markdown-main-panel enable-updated-hr-color\" dir=\"ltr\">\n<p><span style=\"color: #333399;\"><strong>Pode ver a entrevista completa a Thomas Kamla no seguinte v\u00eddeo:<\/strong><\/span><\/p>\n<\/div>\n<p>[\/et_pb_text][et_pb_video src=&#8221;https:\/\/youtu.be\/dyXRCUOmjTo&#8221; _builder_version=&#8221;4.27.4&#8243; _module_preset=&#8221;default&#8221; global_colors_info=&#8221;{}&#8221;][\/et_pb_video][et_pb_text _builder_version=&#8221;4.27.4&#8243; background_size=&#8221;initial&#8221; background_position=&#8221;top_left&#8221; background_repeat=&#8221;repeat&#8221; min_height=&#8221;228.1px&#8221; custom_padding=&#8221;||3px|||&#8221; global_colors_info=&#8221;{}&#8221;]<\/p>\n<div id=\"model-response-message-contentr_779780bfacb3d5a2\" class=\"markdown markdown-main-panel enable-updated-hr-color\" dir=\"ltr\">\n<h2>O que \u00e9 que isto significa para a sua empresa?<\/h2>\n<\/div>\n<div id=\"model-response-message-contentr_6b625d5b08d77be2\" class=\"markdown markdown-main-panel enable-updated-hr-color\" dir=\"ltr\">\n<p style=\"text-align: justify;\">Se a sua empresa faz parte da cadeia de valor do Grupo Volkswagen e continua a trabalhar com CATIA V5, este \u00e9 o momento de come\u00e7ar a preparar-se. A transi\u00e7\u00e3o para o CATIA 3DEXPERIENCE j\u00e1 est\u00e1 em curso e transformar\u00e1 a forma de colaborar, partilhar dados e validar produtos com os OEMs.<\/p>\n<\/div>\n<div id=\"model-response-message-contentr_11163c606f38d3c8\" class=\"markdown markdown-main-panel enable-updated-hr-color\" dir=\"ltr\">\n<p style=\"text-align: justify;\"><strong><span style=\"color: #333399;\">Preparado para dar o passo para o<\/span> <span style=\"color: #333399;\">CATIA 3DEXPERIENCE?<\/span><\/strong> <a href=\"https:\/\/cadtech.es\/pt-pt\/contacto\/\">Contacte-nos aqui<\/a> e ajudamo-lo a iniciar esta transi\u00e7\u00e3o com garantias.<\/p>\n<\/div>\n<p style=\"text-align: justify;\" data-start=\"235\" data-end=\"527\">[\/et_pb_text][et_pb_text _builder_version=&#8221;4.27.4&#8243; _module_preset=&#8221;default&#8221; global_colors_info=&#8221;{}&#8221;]<\/p>\n<div style=\"border-top: 3px solid #012d9a; padding: 15px 0 15px 0;\">\n<div id=\"model-response-message-contentr_7457b9655aa57064\" class=\"markdown markdown-main-panel enable-updated-hr-color\" dir=\"ltr\">\n<p><strong><span style=\"color: #333399;\">Depto. de comunica\u00e7\u00e3o da<\/span> <span style=\"color: #333399;\">CADTECH<\/span><\/strong> <a href=\"mailto:comunicacion@cadtech.es\">comunicacion@cadtech.es<\/a> &#8211; 800 007 177<\/p>\n<\/div>\n<\/div>\n<p style=\"text-align: justify;\" data-start=\"235\" data-end=\"527\">[\/et_pb_text][\/et_pb_column][\/et_pb_row][\/et_pb_section]<\/p>\n","protected":false},"excerpt":{"rendered":"<p>Em fevereiro de 2025, o Volkswagen Group e a Dassault Syst\u00e8mes assinaram um acordo hist\u00f3rico: a plataforma 3DEXPERIENCE na nuvem ser\u00e1 utilizada como ambiente colaborativo para o desenvolvimento de todos os ve\u00edculos do grupo. Um passo decisivo que marca o in\u00edcio de uma nova era para um dos maiores fabricantes de autom\u00f3veis do mundo. Consulte todos os detalhes do acordo aqui Agora, apenas alguns meses depois, este acordo j\u00e1 tem um primeiro projeto tang\u00edvel: o Volkswagen ID.1 ser\u00e1 o primeiro ve\u00edculo desenvolvido integralmente com CATIA na plataforma 3DEXPERIENCE. Um carro urbano, el\u00e9trico, funcional e acess\u00edvel, com um pre\u00e7o objetivo abaixo dos 20.000 \u20ac, desenhado e fabricado na Europa para a Europa. A sua produ\u00e7\u00e3o est\u00e1 prevista para 2027 na f\u00e1brica de Palmela (Portugal). O que \u00e9 que isto representa para a ind\u00fastria? Durante o CATIA Summit 2025 celebrado em Munique, Thomas Kamla \u2014SVP e CTO do Volkswagen Group\u2014 explicou os motivos e objetivos estrat\u00e9gicos desta transforma\u00e7\u00e3o. Numa entrevista ao vivo com a Dassault Syst\u00e8mes, Kamla abordou quest\u00f5es chave como: A complexidade gerada pelo uso de mais de 450 ferramentas distintas em I&amp;D, e a necessidade urgente de um ambiente \u00fanico e conectado. O desafio da hiperpersonaliza\u00e7\u00e3o, que exige maior agilidade [&hellip;]<\/p>\n","protected":false},"author":2,"featured_media":263964,"comment_status":"open","ping_status":"open","sticky":false,"template":"","format":"standard","meta":{"_acf_changed":false,"_et_pb_use_builder":"on","_et_pb_old_content":"","_et_gb_content_width":"","footnotes":""},"categories":[72,73,75,91,92,93,77,94,95],"tags":[],"class_list":["post-265466","post","type-post","status-publish","format-standard","has-post-thumbnail","hentry","category-3dexperience-pt-pt","category-actualidad-pt-pt","category-canal-de-noticias-pt-pt","category-catia-pt-pt","category-destacadas-pt-pt","category-gemelo-virtual-pt-pt","category-noticias-pt-pt","category-plm-pt-pt","category-transporte-y-movilidad-pt-pt"],"acf":[],"yoast_head":"<!-- This site is optimized with the Yoast SEO plugin v27.5 - https:\/\/yoast.com\/product\/yoast-seo-wordpress\/ -->\n<title>A Volkswagen desenvolve o ID.1 com CATIA 3DEXPERIENCE na nuvem - Cadtech<\/title>\n<meta name=\"description\" content=\"O Volkswagen ID.1 ser\u00e1 o primeiro ve\u00edculo desenvolvido inteiramente com CATIA na plataforma 3DEXPERIENCE.\" \/>\n<meta name=\"robots\" content=\"index, follow, max-snippet:-1, max-image-preview:large, max-video-preview:-1\" \/>\n<link rel=\"canonical\" href=\"https:\/\/cadtech.es\/pt-pt\/catia-pt-pt\/volkswagen-desarrolla-el-id-1-con-catia-3dexperience-en-la-nube\/\" \/>\n<meta property=\"og:locale\" content=\"pt_PT\" \/>\n<meta property=\"og:type\" content=\"article\" \/>\n<meta property=\"og:title\" content=\"A Volkswagen desenvolve o ID.1 com CATIA 3DEXPERIENCE na nuvem - Cadtech\" \/>\n<meta property=\"og:description\" content=\"O Volkswagen ID.1 ser\u00e1 o primeiro ve\u00edculo desenvolvido inteiramente com CATIA na plataforma 3DEXPERIENCE.\" \/>\n<meta property=\"og:url\" content=\"https:\/\/cadtech.es\/pt-pt\/catia-pt-pt\/volkswagen-desarrolla-el-id-1-con-catia-3dexperience-en-la-nube\/\" \/>\n<meta property=\"og:site_name\" content=\"Cadtech\" \/>\n<meta property=\"article:published_time\" content=\"2025-06-30T08:36:59+00:00\" \/>\n<meta property=\"article:modified_time\" content=\"2026-03-23T09:42:45+00:00\" \/>\n<meta property=\"og:image\" content=\"https:\/\/cadtech.es\/wp-content\/uploads\/2025\/06\/Entrevista-Thomas-Kamla-CTO-VOLKSWAGEN-CATIA-3DEXPERIENCE-SUMMIT-16.jpg\" \/>\n\t<meta property=\"og:image:width\" content=\"1920\" \/>\n\t<meta property=\"og:image:height\" content=\"1080\" \/>\n\t<meta property=\"og:image:type\" content=\"image\/jpeg\" \/>\n<meta name=\"author\" content=\"Christian Horta\" \/>\n<meta name=\"twitter:card\" content=\"summary_large_image\" \/>\n<meta name=\"twitter:label1\" content=\"Escrito por\" \/>\n\t<meta name=\"twitter:data1\" content=\"Christian Horta\" \/>\n\t<meta name=\"twitter:label2\" content=\"Tempo estimado de leitura\" \/>\n\t<meta name=\"twitter:data2\" content=\"5 minutos\" \/>\n<script type=\"application\/ld+json\" class=\"yoast-schema-graph\">{\"@context\":\"https:\\\/\\\/schema.org\",\"@graph\":[{\"@type\":\"Article\",\"@id\":\"https:\\\/\\\/cadtech.es\\\/pt-pt\\\/catia-pt-pt\\\/volkswagen-desarrolla-el-id-1-con-catia-3dexperience-en-la-nube\\\/#article\",\"isPartOf\":{\"@id\":\"https:\\\/\\\/cadtech.es\\\/pt-pt\\\/catia-pt-pt\\\/volkswagen-desarrolla-el-id-1-con-catia-3dexperience-en-la-nube\\\/\"},\"author\":{\"name\":\"Christian Horta\",\"@id\":\"https:\\\/\\\/cadtech.es\\\/#\\\/schema\\\/person\\\/a7c48749bb48f48d0b803d19072c1f8e\"},\"headline\":\"A Volkswagen desenvolve o ID.1 com CATIA 3DEXPERIENCE na nuvem\",\"datePublished\":\"2025-06-30T08:36:59+00:00\",\"dateModified\":\"2026-03-23T09:42:45+00:00\",\"mainEntityOfPage\":{\"@id\":\"https:\\\/\\\/cadtech.es\\\/pt-pt\\\/catia-pt-pt\\\/volkswagen-desarrolla-el-id-1-con-catia-3dexperience-en-la-nube\\\/\"},\"wordCount\":752,\"commentCount\":0,\"publisher\":{\"@id\":\"https:\\\/\\\/cadtech.es\\\/#organization\"},\"image\":{\"@id\":\"https:\\\/\\\/cadtech.es\\\/pt-pt\\\/catia-pt-pt\\\/volkswagen-desarrolla-el-id-1-con-catia-3dexperience-en-la-nube\\\/#primaryimage\"},\"thumbnailUrl\":\"https:\\\/\\\/cadtech.es\\\/wp-content\\\/uploads\\\/2025\\\/06\\\/Entrevista-Thomas-Kamla-CTO-VOLKSWAGEN-CATIA-3DEXPERIENCE-SUMMIT-16.jpg\",\"articleSection\":[\"3DEXPERIENCE\",\"Actualidad\",\"Canal de noticias\",\"CATIA\",\"Destacadas\",\"Gemelo virtual\",\"Noticias\",\"PLM\",\"Transporte y movilidad\"],\"inLanguage\":\"pt-PT\",\"potentialAction\":[{\"@type\":\"CommentAction\",\"name\":\"Comment\",\"target\":[\"https:\\\/\\\/cadtech.es\\\/pt-pt\\\/catia-pt-pt\\\/volkswagen-desarrolla-el-id-1-con-catia-3dexperience-en-la-nube\\\/#respond\"]}]},{\"@type\":\"WebPage\",\"@id\":\"https:\\\/\\\/cadtech.es\\\/pt-pt\\\/catia-pt-pt\\\/volkswagen-desarrolla-el-id-1-con-catia-3dexperience-en-la-nube\\\/\",\"url\":\"https:\\\/\\\/cadtech.es\\\/pt-pt\\\/catia-pt-pt\\\/volkswagen-desarrolla-el-id-1-con-catia-3dexperience-en-la-nube\\\/\",\"name\":\"A Volkswagen desenvolve o ID.1 com CATIA 3DEXPERIENCE na nuvem - Cadtech\",\"isPartOf\":{\"@id\":\"https:\\\/\\\/cadtech.es\\\/#website\"},\"primaryImageOfPage\":{\"@id\":\"https:\\\/\\\/cadtech.es\\\/pt-pt\\\/catia-pt-pt\\\/volkswagen-desarrolla-el-id-1-con-catia-3dexperience-en-la-nube\\\/#primaryimage\"},\"image\":{\"@id\":\"https:\\\/\\\/cadtech.es\\\/pt-pt\\\/catia-pt-pt\\\/volkswagen-desarrolla-el-id-1-con-catia-3dexperience-en-la-nube\\\/#primaryimage\"},\"thumbnailUrl\":\"https:\\\/\\\/cadtech.es\\\/wp-content\\\/uploads\\\/2025\\\/06\\\/Entrevista-Thomas-Kamla-CTO-VOLKSWAGEN-CATIA-3DEXPERIENCE-SUMMIT-16.jpg\",\"datePublished\":\"2025-06-30T08:36:59+00:00\",\"dateModified\":\"2026-03-23T09:42:45+00:00\",\"description\":\"O Volkswagen ID.1 ser\u00e1 o primeiro ve\u00edculo desenvolvido inteiramente com CATIA na plataforma 3DEXPERIENCE.\",\"breadcrumb\":{\"@id\":\"https:\\\/\\\/cadtech.es\\\/pt-pt\\\/catia-pt-pt\\\/volkswagen-desarrolla-el-id-1-con-catia-3dexperience-en-la-nube\\\/#breadcrumb\"},\"inLanguage\":\"pt-PT\",\"potentialAction\":[{\"@type\":\"ReadAction\",\"target\":[\"https:\\\/\\\/cadtech.es\\\/pt-pt\\\/catia-pt-pt\\\/volkswagen-desarrolla-el-id-1-con-catia-3dexperience-en-la-nube\\\/\"]}]},{\"@type\":\"ImageObject\",\"inLanguage\":\"pt-PT\",\"@id\":\"https:\\\/\\\/cadtech.es\\\/pt-pt\\\/catia-pt-pt\\\/volkswagen-desarrolla-el-id-1-con-catia-3dexperience-en-la-nube\\\/#primaryimage\",\"url\":\"https:\\\/\\\/cadtech.es\\\/wp-content\\\/uploads\\\/2025\\\/06\\\/Entrevista-Thomas-Kamla-CTO-VOLKSWAGEN-CATIA-3DEXPERIENCE-SUMMIT-16.jpg\",\"contentUrl\":\"https:\\\/\\\/cadtech.es\\\/wp-content\\\/uploads\\\/2025\\\/06\\\/Entrevista-Thomas-Kamla-CTO-VOLKSWAGEN-CATIA-3DEXPERIENCE-SUMMIT-16.jpg\",\"width\":1920,\"height\":1080},{\"@type\":\"BreadcrumbList\",\"@id\":\"https:\\\/\\\/cadtech.es\\\/pt-pt\\\/catia-pt-pt\\\/volkswagen-desarrolla-el-id-1-con-catia-3dexperience-en-la-nube\\\/#breadcrumb\",\"itemListElement\":[{\"@type\":\"ListItem\",\"position\":1,\"name\":\"Portada\",\"item\":\"https:\\\/\\\/cadtech.es\\\/pt-pt\\\/\"},{\"@type\":\"ListItem\",\"position\":2,\"name\":\"A Volkswagen desenvolve o ID.1 com CATIA 3DEXPERIENCE na nuvem\"}]},{\"@type\":\"WebSite\",\"@id\":\"https:\\\/\\\/cadtech.es\\\/#website\",\"url\":\"https:\\\/\\\/cadtech.es\\\/\",\"name\":\"Cadtech\",\"description\":\"Consultor\u00eda e implantaci\u00f3n de soluciones de software\",\"publisher\":{\"@id\":\"https:\\\/\\\/cadtech.es\\\/#organization\"},\"potentialAction\":[{\"@type\":\"SearchAction\",\"target\":{\"@type\":\"EntryPoint\",\"urlTemplate\":\"https:\\\/\\\/cadtech.es\\\/?s={search_term_string}\"},\"query-input\":{\"@type\":\"PropertyValueSpecification\",\"valueRequired\":true,\"valueName\":\"search_term_string\"}}],\"inLanguage\":\"pt-PT\"},{\"@type\":\"Organization\",\"@id\":\"https:\\\/\\\/cadtech.es\\\/#organization\",\"name\":\"Cadtech\",\"url\":\"https:\\\/\\\/cadtech.es\\\/\",\"logo\":{\"@type\":\"ImageObject\",\"inLanguage\":\"pt-PT\",\"@id\":\"https:\\\/\\\/cadtech.es\\\/#\\\/schema\\\/logo\\\/image\\\/\",\"url\":\"https:\\\/\\\/cadtech.es\\\/wp-content\\\/uploads\\\/2025\\\/06\\\/LogoCadtech2023.png\",\"contentUrl\":\"https:\\\/\\\/cadtech.es\\\/wp-content\\\/uploads\\\/2025\\\/06\\\/LogoCadtech2023.png\",\"width\":127,\"height\":61,\"caption\":\"Cadtech\"},\"image\":{\"@id\":\"https:\\\/\\\/cadtech.es\\\/#\\\/schema\\\/logo\\\/image\\\/\"},\"sameAs\":[\"https:\\\/\\\/www.linkedin.com\\\/company\\\/cadtech?trk=biz-companies-cym\",\"https:\\\/\\\/www.youtube.com\\\/user\\\/CadTechIberica\"]},{\"@type\":\"Person\",\"@id\":\"https:\\\/\\\/cadtech.es\\\/#\\\/schema\\\/person\\\/a7c48749bb48f48d0b803d19072c1f8e\",\"name\":\"Christian Horta\",\"image\":{\"@type\":\"ImageObject\",\"inLanguage\":\"pt-PT\",\"@id\":\"https:\\\/\\\/secure.gravatar.com\\\/avatar\\\/e5901ff68d08b1b8cb4c9a66188ed77f373be43fd8289a85b3d887aaa46248dd?s=96&d=mm&r=g\",\"url\":\"https:\\\/\\\/secure.gravatar.com\\\/avatar\\\/e5901ff68d08b1b8cb4c9a66188ed77f373be43fd8289a85b3d887aaa46248dd?s=96&d=mm&r=g\",\"contentUrl\":\"https:\\\/\\\/secure.gravatar.com\\\/avatar\\\/e5901ff68d08b1b8cb4c9a66188ed77f373be43fd8289a85b3d887aaa46248dd?s=96&d=mm&r=g\",\"caption\":\"Christian Horta\"},\"url\":\"https:\\\/\\\/cadtech.es\\\/pt-pt\\\/author\\\/chorta\\\/\"}]}<\/script>\n<!-- \/ Yoast SEO plugin. -->","yoast_head_json":{"title":"A Volkswagen desenvolve o ID.1 com CATIA 3DEXPERIENCE na nuvem - Cadtech","description":"O Volkswagen ID.1 ser\u00e1 o primeiro ve\u00edculo desenvolvido inteiramente com CATIA na plataforma 3DEXPERIENCE.","robots":{"index":"index","follow":"follow","max-snippet":"max-snippet:-1","max-image-preview":"max-image-preview:large","max-video-preview":"max-video-preview:-1"},"canonical":"https:\/\/cadtech.es\/pt-pt\/catia-pt-pt\/volkswagen-desarrolla-el-id-1-con-catia-3dexperience-en-la-nube\/","og_locale":"pt_PT","og_type":"article","og_title":"A Volkswagen desenvolve o ID.1 com CATIA 3DEXPERIENCE na nuvem - Cadtech","og_description":"O Volkswagen ID.1 ser\u00e1 o primeiro ve\u00edculo desenvolvido inteiramente com CATIA na plataforma 3DEXPERIENCE.","og_url":"https:\/\/cadtech.es\/pt-pt\/catia-pt-pt\/volkswagen-desarrolla-el-id-1-con-catia-3dexperience-en-la-nube\/","og_site_name":"Cadtech","article_published_time":"2025-06-30T08:36:59+00:00","article_modified_time":"2026-03-23T09:42:45+00:00","og_image":[{"width":1920,"height":1080,"url":"https:\/\/cadtech.es\/wp-content\/uploads\/2025\/06\/Entrevista-Thomas-Kamla-CTO-VOLKSWAGEN-CATIA-3DEXPERIENCE-SUMMIT-16.jpg","type":"image\/jpeg"}],"author":"Christian Horta","twitter_card":"summary_large_image","twitter_misc":{"Escrito por":"Christian Horta","Tempo estimado de leitura":"5 minutos"},"schema":{"@context":"https:\/\/schema.org","@graph":[{"@type":"Article","@id":"https:\/\/cadtech.es\/pt-pt\/catia-pt-pt\/volkswagen-desarrolla-el-id-1-con-catia-3dexperience-en-la-nube\/#article","isPartOf":{"@id":"https:\/\/cadtech.es\/pt-pt\/catia-pt-pt\/volkswagen-desarrolla-el-id-1-con-catia-3dexperience-en-la-nube\/"},"author":{"name":"Christian Horta","@id":"https:\/\/cadtech.es\/#\/schema\/person\/a7c48749bb48f48d0b803d19072c1f8e"},"headline":"A Volkswagen desenvolve o ID.1 com CATIA 3DEXPERIENCE na nuvem","datePublished":"2025-06-30T08:36:59+00:00","dateModified":"2026-03-23T09:42:45+00:00","mainEntityOfPage":{"@id":"https:\/\/cadtech.es\/pt-pt\/catia-pt-pt\/volkswagen-desarrolla-el-id-1-con-catia-3dexperience-en-la-nube\/"},"wordCount":752,"commentCount":0,"publisher":{"@id":"https:\/\/cadtech.es\/#organization"},"image":{"@id":"https:\/\/cadtech.es\/pt-pt\/catia-pt-pt\/volkswagen-desarrolla-el-id-1-con-catia-3dexperience-en-la-nube\/#primaryimage"},"thumbnailUrl":"https:\/\/cadtech.es\/wp-content\/uploads\/2025\/06\/Entrevista-Thomas-Kamla-CTO-VOLKSWAGEN-CATIA-3DEXPERIENCE-SUMMIT-16.jpg","articleSection":["3DEXPERIENCE","Actualidad","Canal de noticias","CATIA","Destacadas","Gemelo virtual","Noticias","PLM","Transporte y movilidad"],"inLanguage":"pt-PT","potentialAction":[{"@type":"CommentAction","name":"Comment","target":["https:\/\/cadtech.es\/pt-pt\/catia-pt-pt\/volkswagen-desarrolla-el-id-1-con-catia-3dexperience-en-la-nube\/#respond"]}]},{"@type":"WebPage","@id":"https:\/\/cadtech.es\/pt-pt\/catia-pt-pt\/volkswagen-desarrolla-el-id-1-con-catia-3dexperience-en-la-nube\/","url":"https:\/\/cadtech.es\/pt-pt\/catia-pt-pt\/volkswagen-desarrolla-el-id-1-con-catia-3dexperience-en-la-nube\/","name":"A Volkswagen desenvolve o ID.1 com CATIA 3DEXPERIENCE na nuvem - Cadtech","isPartOf":{"@id":"https:\/\/cadtech.es\/#website"},"primaryImageOfPage":{"@id":"https:\/\/cadtech.es\/pt-pt\/catia-pt-pt\/volkswagen-desarrolla-el-id-1-con-catia-3dexperience-en-la-nube\/#primaryimage"},"image":{"@id":"https:\/\/cadtech.es\/pt-pt\/catia-pt-pt\/volkswagen-desarrolla-el-id-1-con-catia-3dexperience-en-la-nube\/#primaryimage"},"thumbnailUrl":"https:\/\/cadtech.es\/wp-content\/uploads\/2025\/06\/Entrevista-Thomas-Kamla-CTO-VOLKSWAGEN-CATIA-3DEXPERIENCE-SUMMIT-16.jpg","datePublished":"2025-06-30T08:36:59+00:00","dateModified":"2026-03-23T09:42:45+00:00","description":"O Volkswagen ID.1 ser\u00e1 o primeiro ve\u00edculo desenvolvido inteiramente com CATIA na plataforma 3DEXPERIENCE.","breadcrumb":{"@id":"https:\/\/cadtech.es\/pt-pt\/catia-pt-pt\/volkswagen-desarrolla-el-id-1-con-catia-3dexperience-en-la-nube\/#breadcrumb"},"inLanguage":"pt-PT","potentialAction":[{"@type":"ReadAction","target":["https:\/\/cadtech.es\/pt-pt\/catia-pt-pt\/volkswagen-desarrolla-el-id-1-con-catia-3dexperience-en-la-nube\/"]}]},{"@type":"ImageObject","inLanguage":"pt-PT","@id":"https:\/\/cadtech.es\/pt-pt\/catia-pt-pt\/volkswagen-desarrolla-el-id-1-con-catia-3dexperience-en-la-nube\/#primaryimage","url":"https:\/\/cadtech.es\/wp-content\/uploads\/2025\/06\/Entrevista-Thomas-Kamla-CTO-VOLKSWAGEN-CATIA-3DEXPERIENCE-SUMMIT-16.jpg","contentUrl":"https:\/\/cadtech.es\/wp-content\/uploads\/2025\/06\/Entrevista-Thomas-Kamla-CTO-VOLKSWAGEN-CATIA-3DEXPERIENCE-SUMMIT-16.jpg","width":1920,"height":1080},{"@type":"BreadcrumbList","@id":"https:\/\/cadtech.es\/pt-pt\/catia-pt-pt\/volkswagen-desarrolla-el-id-1-con-catia-3dexperience-en-la-nube\/#breadcrumb","itemListElement":[{"@type":"ListItem","position":1,"name":"Portada","item":"https:\/\/cadtech.es\/pt-pt\/"},{"@type":"ListItem","position":2,"name":"A Volkswagen desenvolve o ID.1 com CATIA 3DEXPERIENCE na nuvem"}]},{"@type":"WebSite","@id":"https:\/\/cadtech.es\/#website","url":"https:\/\/cadtech.es\/","name":"Cadtech","description":"Consultor\u00eda e implantaci\u00f3n de soluciones de software","publisher":{"@id":"https:\/\/cadtech.es\/#organization"},"potentialAction":[{"@type":"SearchAction","target":{"@type":"EntryPoint","urlTemplate":"https:\/\/cadtech.es\/?s={search_term_string}"},"query-input":{"@type":"PropertyValueSpecification","valueRequired":true,"valueName":"search_term_string"}}],"inLanguage":"pt-PT"},{"@type":"Organization","@id":"https:\/\/cadtech.es\/#organization","name":"Cadtech","url":"https:\/\/cadtech.es\/","logo":{"@type":"ImageObject","inLanguage":"pt-PT","@id":"https:\/\/cadtech.es\/#\/schema\/logo\/image\/","url":"https:\/\/cadtech.es\/wp-content\/uploads\/2025\/06\/LogoCadtech2023.png","contentUrl":"https:\/\/cadtech.es\/wp-content\/uploads\/2025\/06\/LogoCadtech2023.png","width":127,"height":61,"caption":"Cadtech"},"image":{"@id":"https:\/\/cadtech.es\/#\/schema\/logo\/image\/"},"sameAs":["https:\/\/www.linkedin.com\/company\/cadtech?trk=biz-companies-cym","https:\/\/www.youtube.com\/user\/CadTechIberica"]},{"@type":"Person","@id":"https:\/\/cadtech.es\/#\/schema\/person\/a7c48749bb48f48d0b803d19072c1f8e","name":"Christian Horta","image":{"@type":"ImageObject","inLanguage":"pt-PT","@id":"https:\/\/secure.gravatar.com\/avatar\/e5901ff68d08b1b8cb4c9a66188ed77f373be43fd8289a85b3d887aaa46248dd?s=96&d=mm&r=g","url":"https:\/\/secure.gravatar.com\/avatar\/e5901ff68d08b1b8cb4c9a66188ed77f373be43fd8289a85b3d887aaa46248dd?s=96&d=mm&r=g","contentUrl":"https:\/\/secure.gravatar.com\/avatar\/e5901ff68d08b1b8cb4c9a66188ed77f373be43fd8289a85b3d887aaa46248dd?s=96&d=mm&r=g","caption":"Christian Horta"},"url":"https:\/\/cadtech.es\/pt-pt\/author\/chorta\/"}]}},"_links":{"self":[{"href":"https:\/\/cadtech.es\/pt-pt\/wp-json\/wp\/v2\/posts\/265466","targetHints":{"allow":["GET"]}}],"collection":[{"href":"https:\/\/cadtech.es\/pt-pt\/wp-json\/wp\/v2\/posts"}],"about":[{"href":"https:\/\/cadtech.es\/pt-pt\/wp-json\/wp\/v2\/types\/post"}],"author":[{"embeddable":true,"href":"https:\/\/cadtech.es\/pt-pt\/wp-json\/wp\/v2\/users\/2"}],"replies":[{"embeddable":true,"href":"https:\/\/cadtech.es\/pt-pt\/wp-json\/wp\/v2\/comments?post=265466"}],"version-history":[{"count":5,"href":"https:\/\/cadtech.es\/pt-pt\/wp-json\/wp\/v2\/posts\/265466\/revisions"}],"predecessor-version":[{"id":271467,"href":"https:\/\/cadtech.es\/pt-pt\/wp-json\/wp\/v2\/posts\/265466\/revisions\/271467"}],"wp:featuredmedia":[{"embeddable":true,"href":"https:\/\/cadtech.es\/pt-pt\/wp-json\/wp\/v2\/media\/263964"}],"wp:attachment":[{"href":"https:\/\/cadtech.es\/pt-pt\/wp-json\/wp\/v2\/media?parent=265466"}],"wp:term":[{"taxonomy":"category","embeddable":true,"href":"https:\/\/cadtech.es\/pt-pt\/wp-json\/wp\/v2\/categories?post=265466"},{"taxonomy":"post_tag","embeddable":true,"href":"https:\/\/cadtech.es\/pt-pt\/wp-json\/wp\/v2\/tags?post=265466"}],"curies":[{"name":"wp","href":"https:\/\/api.w.org\/{rel}","templated":true}]}}